{"id":5194,"date":"2021-06-23T09:31:05","date_gmt":"2021-06-23T07:31:05","guid":{"rendered":"https:\/\/www.vittoriagiachi.com\/?p=5194"},"modified":"2021-06-23T15:07:02","modified_gmt":"2021-06-23T13:07:02","slug":"vittoria-in-cucina-il-mio-primo-libro-di-cucina","status":"publish","type":"post","link":"https:\/\/www.vittoriagiachi.com\/it\/vittoria-in-cucina-il-mio-primo-libro-di-cucina\/","title":{"rendered":"Vittoria in cucina: il mio primo libro di cucina"},"content":{"rendered":"<p><div class=\"fusion-fullwidth fullwidth-box fusion-builder-row-1 fusion-flex-container nonhundred-percent-fullwidth non-hundred-percent-height-scrolling\" style=\"--awb-border-radius-top-left:0px;--awb-border-radius-top-right:0px;--awb-border-radius-bottom-right:0px;--awb-border-radius-bottom-left:0px;--awb-margin-bottom:40px;--awb-flex-wrap:wrap;\" ><div class=\"fusion-builder-row fusion-row fusion-flex-align-items-center fusion-flex-justify-content-center fusion-flex-content-wrap\" style=\"max-width:1248px;margin-left: calc(-4% \/ 2 );margin-right: calc(-4% \/ 2 );\"><div class=\"fusion-layout-column fusion_builder_column fusion-builder-column-0 fusion_builder_column_1_1 1_1 fusion-flex-column\" style=\"--awb-bg-size:cover;--awb-width-large:100%;--awb-margin-top-large:0px;--awb-spacing-right-large:1.92%;--awb-margin-bottom-large:20px;--awb-spacing-left-large:1.92%;--awb-width-medium:100%;--awb-order-medium:0;--awb-spacing-right-medium:1.92%;--awb-spacing-left-medium:1.92%;--awb-width-small:100%;--awb-order-small:0;--awb-spacing-right-small:1.92%;--awb-spacing-left-small:1.92%;\"><div class=\"fusion-column-wrapper fusion-column-has-shadow fusion-flex-justify-content-flex-start fusion-content-layout-column\"><div class=\"fusion-image-element \" style=\"text-align:center;--awb-caption-title-font-family:var(--h2_typography-font-family);--awb-caption-title-font-weight:var(--h2_typography-font-weight);--awb-caption-title-font-style:var(--h2_typography-font-style);--awb-caption-title-size:var(--h2_typography-font-size);--awb-caption-title-transform:var(--h2_typography-text-transform);--awb-caption-title-line-height:var(--h2_typography-line-height);--awb-caption-title-letter-spacing:var(--h2_typography-letter-spacing);\"><span class=\" fusion-imageframe imageframe-none imageframe-1 hover-type-none\"><img decoding=\"async\" width=\"1200\" height=\"800\" alt=\"libro di cucina\" title=\"vittoria-in-the-kitchen\" src=\"https:\/\/www.vittoriagiachi.com\/wp-content\/uploads\/2021\/06\/vittoria-in-the-kitchen.jpg\" class=\"img-responsive wp-image-5184\" srcset=\"https:\/\/www.vittoriagiachi.com\/wp-content\/uploads\/2021\/06\/vittoria-in-the-kitchen-200x133.jpg 200w, https:\/\/www.vittoriagiachi.com\/wp-content\/uploads\/2021\/06\/vittoria-in-the-kitchen-400x267.jpg 400w, https:\/\/www.vittoriagiachi.com\/wp-content\/uploads\/2021\/06\/vittoria-in-the-kitchen-600x400.jpg 600w, https:\/\/www.vittoriagiachi.com\/wp-content\/uploads\/2021\/06\/vittoria-in-the-kitchen-800x533.jpg 800w, https:\/\/www.vittoriagiachi.com\/wp-content\/uploads\/2021\/06\/vittoria-in-the-kitchen.jpg 1200w\" sizes=\"(max-width: 640px) 100vw, 1200px\" \/><\/span><\/div><\/div><\/div><\/div><\/div><div class=\"fusion-fullwidth fullwidth-box fusion-builder-row-2 fusion-flex-container nonhundred-percent-fullwidth non-hundred-percent-height-scrolling\" style=\"--awb-border-radius-top-left:0px;--awb-border-radius-top-right:0px;--awb-border-radius-bottom-right:0px;--awb-border-radius-bottom-left:0px;--awb-flex-wrap:wrap;\" ><div class=\"fusion-builder-row fusion-row fusion-flex-align-items-flex-start fusion-flex-content-wrap\" style=\"max-width:1248px;margin-left: calc(-4% \/ 2 );margin-right: calc(-4% \/ 2 );\"><div class=\"fusion-layout-column fusion_builder_column fusion-builder-column-1 fusion_builder_column_1_5 1_5 fusion-flex-column\" style=\"--awb-bg-size:cover;--awb-width-large:20%;--awb-margin-top-large:0px;--awb-spacing-right-large:9.6%;--awb-margin-bottom-large:20px;--awb-spacing-left-large:9.6%;--awb-width-medium:20%;--awb-order-medium:0;--awb-spacing-right-medium:9.6%;--awb-spacing-left-medium:9.6%;--awb-width-small:100%;--awb-order-small:0;--awb-spacing-right-small:1.92%;--awb-spacing-left-small:1.92%;\"><div class=\"fusion-column-wrapper fusion-column-has-shadow fusion-flex-justify-content-flex-start fusion-content-layout-column\"><div class=\"fusion-sharing-box fusion-sharing-box-1\" style=\"background-color:#ffffff;border-color:#cccccc;--awb-margin-right:10px;--awb-margin-left:0px;--awb-icon-size:18px;--awb-separator-border-color:#cccccc;--awb-separator-border-sizes:0px;--awb-alignment:flex-start;--awb-layout:row;--awb-alignment-small:space-between;--awb-stacked-align-small:center;\" data-title=\"Vittoria in cucina: il mio primo libro di cucina\" data-description=\"Vittoria in cucina:\r\nil mio primo libro di cucina \r\n\r\n\u00c8 ormai trascorso circa un anno dall\u2019inizio di ci\u00f2 che \u00e8 stato per me un progetto importantissimo, un traguardo all\u2019inizio apparentemente troppo grande, per il quale oggi posso guardare a testa alta il mondo dicendo: \u201cIL MIO PRIMO LIBRO \u00c8 FINALMENTE USCITO\u201d.\r\n\r\nCarissimi\" data-link=\"https:\/\/www.vittoriagiachi.com\/it\/vittoria-in-cucina-il-mio-primo-libro-di-cucina\/\"><div class=\"fusion-social-networks sharingbox-shortcode-icon-wrapper sharingbox-shortcode-icon-wrapper-1\"><span><a href=\"https:\/\/www.facebook.com\/sharer.php?u=https%3A%2F%2Fwww.vittoriagiachi.com%2Fit%2Fvittoria-in-cucina-il-mio-primo-libro-di-cucina%2F&amp;t=Vittoria%20in%20cucina%3A%20il%20mio%20primo%20libro%20di%20cucina\" target=\"_blank\" rel=\"noreferrer\" title=\"Facebook\" aria-label=\"Facebook\" data-placement=\"top\" data-toggle=\"tooltip\" data-title=\"Facebook\"><i class=\"fusion-social-network-icon fusion-tooltip fusion-facebook awb-icon-facebook\" style=\"color:#d3a947;\" aria-hidden=\"true\"><\/i><\/a><\/span><span><a href=\"https:\/\/x.com\/intent\/post?text=Vittoria%20in%20cucina%3A%20il%20mio%20primo%20libro%20di%20cucina&amp;url=https%3A%2F%2Fwww.vittoriagiachi.com%2Fit%2Fvittoria-in-cucina-il-mio-primo-libro-di-cucina%2F\" target=\"_blank\" rel=\"noopener noreferrer\" title=\"X\" aria-label=\"X\" data-placement=\"top\" data-toggle=\"tooltip\" data-title=\"X\"><i class=\"fusion-social-network-icon fusion-tooltip fusion-twitter awb-icon-twitter\" style=\"color:#d3a947;\" aria-hidden=\"true\"><\/i><\/a><\/span><span><a href=\"https:\/\/api.whatsapp.com\/send?text=https%3A%2F%2Fwww.vittoriagiachi.com%2Fit%2Fvittoria-in-cucina-il-mio-primo-libro-di-cucina%2F\" target=\"_blank\" rel=\"noopener noreferrer\" title=\"WhatsApp\" aria-label=\"WhatsApp\" data-placement=\"top\" data-toggle=\"tooltip\" data-title=\"WhatsApp\"><i class=\"fusion-social-network-icon fusion-tooltip fusion-whatsapp awb-icon-whatsapp\" style=\"color:#d3a947;\" aria-hidden=\"true\"><\/i><\/a><\/span><span><a href=\"https:\/\/pinterest.com\/pin\/create\/button\/?url=https%3A%2F%2Fwww.vittoriagiachi.com%2Fit%2Fvittoria-in-cucina-il-mio-primo-libro-di-cucina%2F&amp;description=Vittoria%20in%20cucina%3A%0D%0Ail%20mio%20primo%20libro%20di%20cucina%20%0D%0A%0D%0A%C3%88%20ormai%20trascorso%20circa%20un%20anno%20dall%E2%80%99inizio%20di%20ci%C3%B2%20che%20%C3%A8%20stato%20per%20me%20un%20progetto%20importantissimo%2C%20un%20traguardo%20all%E2%80%99inizio%20apparentemente%20troppo%20grande%2C%20per%20il%20quale%20oggi%20posso%20guardare%20a%20testa%20alta%20il%20mondo%20dicendo%3A%20%E2%80%9CIL%20MIO%20PRIMO%20LIBRO%20%C3%88%20FINALMENTE%20USCITO%E2%80%9D.%0D%0A%0D%0ACarissimi&amp;media=\" target=\"_blank\" rel=\"noopener noreferrer\" title=\"Pinterest\" aria-label=\"Pinterest\" data-placement=\"top\" data-toggle=\"tooltip\" data-title=\"Pinterest\"><i class=\"fusion-social-network-icon fusion-tooltip fusion-pinterest awb-icon-pinterest\" style=\"color:#d3a947;\" aria-hidden=\"true\"><\/i><\/a><\/span><\/div><\/div><\/div><\/div><div class=\"fusion-layout-column fusion_builder_column fusion-builder-column-2 fusion_builder_column_3_5 3_5 fusion-flex-column\" style=\"--awb-bg-size:cover;--awb-width-large:60%;--awb-margin-top-large:0px;--awb-spacing-right-large:3.2%;--awb-margin-bottom-large:20px;--awb-spacing-left-large:3.2%;--awb-width-medium:60%;--awb-order-medium:0;--awb-spacing-right-medium:3.2%;--awb-spacing-left-medium:3.2%;--awb-width-small:100%;--awb-order-small:0;--awb-spacing-right-small:1.92%;--awb-spacing-left-small:1.92%;\"><div class=\"fusion-column-wrapper fusion-column-has-shadow fusion-flex-justify-content-flex-start fusion-content-layout-column\"><div class=\"fusion-title title fusion-title-1 fusion-sep-none fusion-title-center fusion-title-text fusion-title-size-two\" style=\"--awb-margin-top-small:10px;--awb-margin-right-small:0px;--awb-margin-bottom-small:10px;--awb-margin-left-small:0px;\"><h2 class=\"fusion-title-heading title-heading-center\" style=\"margin:0;\"><p>Vittoria in cucina:<br \/>\nil mio primo libro di cucina<\/p><\/h2><\/div><div class=\"fusion-text fusion-text-1\"><p>\u00c8 ormai trascorso circa un anno dall\u2019inizio di ci\u00f2 che \u00e8 stato per me un progetto importantissimo, un traguardo all\u2019inizio apparentemente troppo grande, per il quale oggi posso guardare a testa alta il mondo dicendo: \u201cIL MIO PRIMO LIBRO \u00c8 FINALMENTE USCITO\u201d.<\/p>\n<p>Carissimi lettori e lettrici, chi mi segue ormai da tempo \u00e8 a conoscenza della mia passione per la cucina e della mia voglia di emergere in un mondo talmente vario dall\u2019elevata facilit\u00e0 nel perdersi. Per chi invece \u00e8 nuovo, lasciate che mi introduca. Mi chiamo Vittoria Caterina Giachi, sono una semplice ragazza che abita nella campagna toscana, tra le meravigliose vigne della mia amata Italia. Fin da piccola ho sempre amato cucinare, adoravo guardare mia nonna e l\u2019amore con cui stendeva la pasta per le tagliatelle. Negli anni sono cresciuta, divenendo sempre pi\u00f9 alta e grande, e con me \u00e8 cresciuta anche la mia passione per la cucina ma, soprattutto, per il cibo.<\/p>\n<\/div><\/div><\/div><div class=\"fusion-layout-column fusion_builder_column fusion-builder-column-3 fusion_builder_column_1_5 1_5 fusion-flex-column\" style=\"--awb-bg-size:cover;--awb-width-large:20%;--awb-margin-top-large:0px;--awb-spacing-right-large:9.6%;--awb-margin-bottom-large:20px;--awb-spacing-left-large:9.6%;--awb-width-medium:20%;--awb-order-medium:0;--awb-spacing-right-medium:9.6%;--awb-spacing-left-medium:9.6%;--awb-width-small:100%;--awb-order-small:0;--awb-spacing-right-small:1.92%;--awb-spacing-left-small:1.92%;\"><div class=\"fusion-column-wrapper fusion-column-has-shadow fusion-flex-justify-content-flex-start fusion-content-layout-column\"><\/div><\/div><\/div><\/div><div class=\"fusion-fullwidth fullwidth-box fusion-builder-row-3 fusion-flex-container nonhundred-percent-fullwidth non-hundred-percent-height-scrolling\" style=\"--awb-border-radius-top-left:0px;--awb-border-radius-top-right:0px;--awb-border-radius-bottom-right:0px;--awb-border-radius-bottom-left:0px;--awb-margin-bottom:40px;--awb-flex-wrap:wrap;\" ><div class=\"fusion-builder-row fusion-row fusion-flex-align-items-flex-start fusion-flex-content-wrap\" style=\"max-width:1248px;margin-left: calc(-4% \/ 2 );margin-right: calc(-4% \/ 2 );\"><div class=\"fusion-layout-column fusion_builder_column fusion-builder-column-4 fusion_builder_column_1_1 1_1 fusion-flex-column\" style=\"--awb-bg-size:cover;--awb-width-large:100%;--awb-margin-top-large:0px;--awb-spacing-right-large:1.92%;--awb-margin-bottom-large:20px;--awb-spacing-left-large:1.92%;--awb-width-medium:100%;--awb-order-medium:0;--awb-spacing-right-medium:1.92%;--awb-spacing-left-medium:1.92%;--awb-width-small:100%;--awb-order-small:0;--awb-spacing-right-small:1.92%;--awb-spacing-left-small:1.92%;\"><div class=\"fusion-column-wrapper fusion-column-has-shadow fusion-flex-justify-content-flex-start fusion-content-layout-column\"><div class=\"fusion-image-element \" style=\"text-align:center;--awb-caption-title-font-family:var(--h2_typography-font-family);--awb-caption-title-font-weight:var(--h2_typography-font-weight);--awb-caption-title-font-style:var(--h2_typography-font-style);--awb-caption-title-size:var(--h2_typography-font-size);--awb-caption-title-transform:var(--h2_typography-text-transform);--awb-caption-title-line-height:var(--h2_typography-line-height);--awb-caption-title-letter-spacing:var(--h2_typography-letter-spacing);\"><span class=\" fusion-imageframe imageframe-none imageframe-2 hover-type-none\"><img decoding=\"async\" width=\"800\" height=\"1200\" alt=\"libro di cucina\" title=\"vittoria-in-the-kitchen3\" src=\"https:\/\/www.vittoriagiachi.com\/wp-content\/uploads\/2021\/06\/vittoria-in-the-kitchen3.jpg\" class=\"img-responsive wp-image-5189\" srcset=\"https:\/\/www.vittoriagiachi.com\/wp-content\/uploads\/2021\/06\/vittoria-in-the-kitchen3-200x300.jpg 200w, https:\/\/www.vittoriagiachi.com\/wp-content\/uploads\/2021\/06\/vittoria-in-the-kitchen3-400x600.jpg 400w, https:\/\/www.vittoriagiachi.com\/wp-content\/uploads\/2021\/06\/vittoria-in-the-kitchen3-600x900.jpg 600w, https:\/\/www.vittoriagiachi.com\/wp-content\/uploads\/2021\/06\/vittoria-in-the-kitchen3.jpg 800w\" sizes=\"(max-width: 640px) 100vw, 800px\" \/><\/span><\/div><\/div><\/div><\/div><\/div><div class=\"fusion-fullwidth fullwidth-box fusion-builder-row-4 fusion-flex-container nonhundred-percent-fullwidth non-hundred-percent-height-scrolling\" style=\"--awb-border-radius-top-left:0px;--awb-border-radius-top-right:0px;--awb-border-radius-bottom-right:0px;--awb-border-radius-bottom-left:0px;--awb-flex-wrap:wrap;\" ><div class=\"fusion-builder-row fusion-row fusion-flex-align-items-flex-start fusion-flex-content-wrap\" style=\"max-width:1248px;margin-left: calc(-4% \/ 2 );margin-right: calc(-4% \/ 2 );\"><div class=\"fusion-layout-column fusion_builder_column fusion-builder-column-5 fusion_builder_column_1_5 1_5 fusion-flex-column\" style=\"--awb-bg-size:cover;--awb-width-large:20%;--awb-margin-top-large:0px;--awb-spacing-right-large:9.6%;--awb-margin-bottom-large:20px;--awb-spacing-left-large:9.6%;--awb-width-medium:20%;--awb-order-medium:0;--awb-spacing-right-medium:9.6%;--awb-spacing-left-medium:9.6%;--awb-width-small:100%;--awb-order-small:0;--awb-spacing-right-small:1.92%;--awb-spacing-left-small:1.92%;\"><div class=\"fusion-column-wrapper fusion-column-has-shadow fusion-flex-justify-content-flex-start fusion-content-layout-column\"><\/div><\/div><div class=\"fusion-layout-column fusion_builder_column fusion-builder-column-6 fusion_builder_column_3_5 3_5 fusion-flex-column\" style=\"--awb-bg-size:cover;--awb-width-large:60%;--awb-margin-top-large:0px;--awb-spacing-right-large:3.2%;--awb-margin-bottom-large:20px;--awb-spacing-left-large:3.2%;--awb-width-medium:60%;--awb-order-medium:0;--awb-spacing-right-medium:3.2%;--awb-spacing-left-medium:3.2%;--awb-width-small:100%;--awb-order-small:0;--awb-spacing-right-small:1.92%;--awb-spacing-left-small:1.92%;\"><div class=\"fusion-column-wrapper fusion-column-has-shadow fusion-flex-justify-content-flex-start fusion-content-layout-column\"><div class=\"fusion-text fusion-text-2\"><h2>Il mio amore per il cibo e la cucina<\/h2>\n<p>AMO follemente mangiare, quel semplice atto cos\u00ec naturale per l\u2019uomo \u00e8 divenuto un brivido fulminante che attraversa fugacemente ogni angolo e cavit\u00e0 di me. Ma non parlo del semplice nutrirsi, quanto dell\u2019 assaporare, dell&#8217;annusare, di vivere intensamente. Perch\u00e9 come diceva Francois de la Rochefoucauld \u201cMangiare \u00e8 una necessit\u00e0 ma mangiare intelligentemente \u00e8 un\u2019arte\u201d. Dunque, per portare avanti questo ideale e trasmettere al mondo l\u2019antica cultura del mio paese, ma nel dettaglio della mia famiglia, ad agosto 2020 mi sono decisa a scrivere un libro: un semplice insieme di pagine che racchiudono una storia meravigliosa. Con l\u2019aiuto di fidati cuochi di famiglia ho rielaborato novanta tra le ricette pi\u00f9 conosciute e ricercate qui tra le bellissime terre della Toscana: dalla bistecca alla fiorentina ai classici cantucci, dalla pappa al pomodoro allo stracotto alla fiorentina. Mi sono imbarcata in un viaggio spruzzante di vita e allegria, ho riso, scherzato e, soprattutto, cucinato. Farina tra i capelli, rumore di mattarelli e tante, tantissime verdure da tagliare. Perch\u00e9 dovete sapere, come ho imparato anch\u2019io da pochi giorni a questa parte siccome sto frequentando un intenso corso di cucina, che il lavoro del cuoco consiste soprattutto nel tagliare verdure e, come si dice qui in Toscana, nel \u201crigovernare\u201d (ossia rimettere a posto).<\/p>\n<\/div><\/div><\/div><div class=\"fusion-layout-column fusion_builder_column fusion-builder-column-7 fusion_builder_column_1_5 1_5 fusion-flex-column\" style=\"--awb-bg-size:cover;--awb-width-large:20%;--awb-margin-top-large:0px;--awb-spacing-right-large:9.6%;--awb-margin-bottom-large:20px;--awb-spacing-left-large:9.6%;--awb-width-medium:20%;--awb-order-medium:0;--awb-spacing-right-medium:9.6%;--awb-spacing-left-medium:9.6%;--awb-width-small:100%;--awb-order-small:0;--awb-spacing-right-small:1.92%;--awb-spacing-left-small:1.92%;\"><div class=\"fusion-column-wrapper fusion-column-has-shadow fusion-flex-justify-content-flex-start fusion-content-layout-column\"><\/div><\/div><\/div><\/div><div class=\"fusion-fullwidth fullwidth-box fusion-builder-row-5 fusion-flex-container nonhundred-percent-fullwidth non-hundred-percent-height-scrolling\" style=\"--awb-border-radius-top-left:0px;--awb-border-radius-top-right:0px;--awb-border-radius-bottom-right:0px;--awb-border-radius-bottom-left:0px;--awb-margin-bottom:40px;--awb-flex-wrap:wrap;\" ><div class=\"fusion-builder-row fusion-row fusion-flex-align-items-flex-start fusion-flex-justify-content-center fusion-flex-content-wrap\" style=\"max-width:calc( 1200px + 10px );margin-left: calc(-10px \/ 2 );margin-right: calc(-10px \/ 2 );\"><div class=\"fusion-layout-column fusion_builder_column fusion-builder-column-8 fusion_builder_column_1_1 1_1 fusion-flex-column\" style=\"--awb-bg-size:cover;--awb-width-large:100%;--awb-margin-top-large:0px;--awb-spacing-right-large:5px;--awb-margin-bottom-large:20px;--awb-spacing-left-large:5px;--awb-width-medium:100%;--awb-order-medium:0;--awb-spacing-right-medium:5px;--awb-spacing-left-medium:5px;--awb-width-small:100%;--awb-order-small:0;--awb-spacing-right-small:5px;--awb-spacing-left-small:5px;\"><div class=\"fusion-column-wrapper fusion-column-has-shadow fusion-flex-justify-content-flex-start fusion-content-layout-column\"><div class=\"fusion-image-element \" style=\"--awb-caption-title-font-family:var(--h2_typography-font-family);--awb-caption-title-font-weight:var(--h2_typography-font-weight);--awb-caption-title-font-style:var(--h2_typography-font-style);--awb-caption-title-size:var(--h2_typography-font-size);--awb-caption-title-transform:var(--h2_typography-text-transform);--awb-caption-title-line-height:var(--h2_typography-line-height);--awb-caption-title-letter-spacing:var(--h2_typography-letter-spacing);\"><span class=\" fusion-imageframe imageframe-none imageframe-3 hover-type-none\"><img decoding=\"async\" width=\"1200\" height=\"800\" alt=\"libro di cucina\" title=\"vittoria-in-the-kitchen2\" src=\"https:\/\/www.vittoriagiachi.com\/wp-content\/uploads\/2021\/06\/vittoria-in-the-kitchen2.jpg\" class=\"img-responsive wp-image-5187\" srcset=\"https:\/\/www.vittoriagiachi.com\/wp-content\/uploads\/2021\/06\/vittoria-in-the-kitchen2-200x133.jpg 200w, https:\/\/www.vittoriagiachi.com\/wp-content\/uploads\/2021\/06\/vittoria-in-the-kitchen2-400x267.jpg 400w, https:\/\/www.vittoriagiachi.com\/wp-content\/uploads\/2021\/06\/vittoria-in-the-kitchen2-600x400.jpg 600w, https:\/\/www.vittoriagiachi.com\/wp-content\/uploads\/2021\/06\/vittoria-in-the-kitchen2-800x533.jpg 800w, https:\/\/www.vittoriagiachi.com\/wp-content\/uploads\/2021\/06\/vittoria-in-the-kitchen2.jpg 1200w\" sizes=\"(max-width: 640px) 100vw, 1200px\" \/><\/span><\/div><\/div><\/div><\/div><\/div><div class=\"fusion-fullwidth fullwidth-box fusion-builder-row-6 fusion-flex-container nonhundred-percent-fullwidth non-hundred-percent-height-scrolling\" style=\"--awb-border-radius-top-left:0px;--awb-border-radius-top-right:0px;--awb-border-radius-bottom-right:0px;--awb-border-radius-bottom-left:0px;--awb-flex-wrap:wrap;\" ><div class=\"fusion-builder-row fusion-row fusion-flex-align-items-flex-start fusion-flex-content-wrap\" style=\"max-width:1248px;margin-left: calc(-4% \/ 2 );margin-right: calc(-4% \/ 2 );\"><div class=\"fusion-layout-column fusion_builder_column fusion-builder-column-9 fusion_builder_column_1_5 1_5 fusion-flex-column\" style=\"--awb-bg-size:cover;--awb-width-large:20%;--awb-margin-top-large:0px;--awb-spacing-right-large:9.6%;--awb-margin-bottom-large:20px;--awb-spacing-left-large:9.6%;--awb-width-medium:20%;--awb-order-medium:0;--awb-spacing-right-medium:9.6%;--awb-spacing-left-medium:9.6%;--awb-width-small:100%;--awb-order-small:0;--awb-spacing-right-small:1.92%;--awb-spacing-left-small:1.92%;\"><div class=\"fusion-column-wrapper fusion-column-has-shadow fusion-flex-justify-content-flex-start fusion-content-layout-column\"><\/div><\/div><div class=\"fusion-layout-column fusion_builder_column fusion-builder-column-10 fusion_builder_column_3_5 3_5 fusion-flex-column\" style=\"--awb-bg-size:cover;--awb-width-large:60%;--awb-margin-top-large:0px;--awb-spacing-right-large:3.2%;--awb-margin-bottom-large:20px;--awb-spacing-left-large:3.2%;--awb-width-medium:60%;--awb-order-medium:0;--awb-spacing-right-medium:3.2%;--awb-spacing-left-medium:3.2%;--awb-width-small:100%;--awb-order-small:0;--awb-spacing-right-small:1.92%;--awb-spacing-left-small:1.92%;\"><div class=\"fusion-column-wrapper fusion-column-has-shadow fusion-flex-justify-content-flex-start fusion-content-layout-column\"><div class=\"fusion-text fusion-text-3\"><h2 align=\"LEFT\">Origine del mio primo libro di cucina<\/h2>\n<p>Ma a parte gli scherzi, la cucina \u00e8 un\u2019arte dalla bellezza infinita, un fiume in piena di passione, curiosit\u00e0, scoperte e sapori. Ho cercato di racchiudere in pochi semplici pezzi di carta tutta la mia devozione verso essa, il rispetto che le riservo, l\u2019amore che mi accompagna ogni volta che accendo i fornelli.<\/p>\n<p>Ma non perdiamoci in discorsi fin troppo dilungati; in una mattina piovosa ritrovai, tra i polverosi scaffali della torre di famiglia a San Gimignano, un vecchio manoscritto di cucina appartenente ad una mia antenata e contenente le basi della cucina Toscana. A quel punto, gi\u00e0 ammiratrice segreta del cibo, mi decisi a provare tutte quelle ricette al suono cos\u00ec invitanti. Mi resi ben presto conto che gli ingredienti che utilizzavano una volta sono stati ad oggi sostituiti da alimenti pi\u00f9 sani, meno pesanti e sicuramente pi\u00f9 facilmente digeribili. Perci\u00f2, colta da una fulminante idea e spronata dalla mia famiglia, mi imbarcai, munita di sapienze maggiori al mio fianco, sulla barca del cuoco, ma soprattutto dello scrittore.<\/p>\n<p>Mi rendo conto di non essere n\u00e9 una n\u00e9 l\u2019altra, non sono laureata (in realt\u00e0 neanche diplomata in quanto ho solo sedici anni), quindi non vogliatemi male se a volte sbaglio, se altre non sono perfetta, perch\u00e9 il mio percorso \u00e8 appena cominciato e non ho intenzione di terminarlo a breve.<\/p>\n<\/div><\/div><\/div><div class=\"fusion-layout-column fusion_builder_column fusion-builder-column-11 fusion_builder_column_1_5 1_5 fusion-flex-column\" style=\"--awb-bg-size:cover;--awb-width-large:20%;--awb-margin-top-large:0px;--awb-spacing-right-large:9.6%;--awb-margin-bottom-large:20px;--awb-spacing-left-large:9.6%;--awb-width-medium:20%;--awb-order-medium:0;--awb-spacing-right-medium:9.6%;--awb-spacing-left-medium:9.6%;--awb-width-small:100%;--awb-order-small:0;--awb-spacing-right-small:1.92%;--awb-spacing-left-small:1.92%;\"><div class=\"fusion-column-wrapper fusion-column-has-shadow fusion-flex-justify-content-flex-start fusion-content-layout-column\"><\/div><\/div><\/div><\/div><div class=\"fusion-fullwidth fullwidth-box fusion-builder-row-7 fusion-flex-container nonhundred-percent-fullwidth non-hundred-percent-height-scrolling\" style=\"--awb-border-radius-top-left:0px;--awb-border-radius-top-right:0px;--awb-border-radius-bottom-right:0px;--awb-border-radius-bottom-left:0px;--awb-flex-wrap:wrap;\" ><div class=\"fusion-builder-row fusion-row fusion-flex-align-items-flex-start fusion-flex-content-wrap\" style=\"max-width:1248px;margin-left: calc(-4% \/ 2 );margin-right: calc(-4% \/ 2 );\"><div class=\"fusion-layout-column fusion_builder_column fusion-builder-column-12 fusion_builder_column_1_5 1_5 fusion-flex-column\" style=\"--awb-bg-size:cover;--awb-width-large:20%;--awb-margin-top-large:0px;--awb-spacing-right-large:9.6%;--awb-margin-bottom-large:20px;--awb-spacing-left-large:9.6%;--awb-width-medium:20%;--awb-order-medium:0;--awb-spacing-right-medium:9.6%;--awb-spacing-left-medium:9.6%;--awb-width-small:100%;--awb-order-small:0;--awb-spacing-right-small:1.92%;--awb-spacing-left-small:1.92%;\"><div class=\"fusion-column-wrapper fusion-column-has-shadow fusion-flex-justify-content-flex-start fusion-content-layout-column\"><\/div><\/div><div class=\"fusion-layout-column fusion_builder_column fusion-builder-column-13 fusion_builder_column_3_5 3_5 fusion-flex-column\" style=\"--awb-bg-size:cover;--awb-width-large:60%;--awb-margin-top-large:0px;--awb-spacing-right-large:3.2%;--awb-margin-bottom-large:20px;--awb-spacing-left-large:3.2%;--awb-width-medium:60%;--awb-order-medium:0;--awb-spacing-right-medium:3.2%;--awb-spacing-left-medium:3.2%;--awb-width-small:100%;--awb-order-small:0;--awb-spacing-right-small:1.92%;--awb-spacing-left-small:1.92%;\"><div class=\"fusion-column-wrapper fusion-column-has-shadow fusion-flex-justify-content-flex-start fusion-content-layout-column\"><div class=\"fusion-text fusion-text-4\"><p>Se mai foste interessati a seguire in prima persona il mio viaggio ed avventurarvi nella mia vita potrete non solo acquistare il mio libro, il quale non si tratta solo di un ricettario ma soprattutto di un racconto, una storia sul mio stile di vita e di quello italiano in generale, ma potrete seguirmi ed interagire con me grazie ai social network.<\/p>\n<p>Seguitemi, se vi fa piacere, su @vittoriacaterinagiachi, sia su <strong><a href=\"https:\/\/www.instagram.com\/vittoriacaterinagiachi\">Instagram<\/a> <\/strong>che su <strong><a href=\"https:\/\/www.facebook.com\/vittoriacaterinagiachibrand\/\">Facebook<\/a><\/strong>, ma anche su <strong><a href=\"https:\/\/www.tiktok.com\/@vittoriacaterinagiachi\">tik tok<\/a><\/strong>, oppure su <strong><a href=\"https:\/\/www.pinterest.com\/VittoriaCaterinaGiachi\/\">Pinterest<\/a><\/strong>! Dilettatevi con me a sperimentare ed imparare, guardatevi anche le mie video ricette per apprendere ancora meglio! E se vi piacesse il mio libro fatemelo sapere (ne sar\u00f2 estremamente grata ad ognuno di voi) taggandomi o citandomi con l\u2019hashtag <strong>#vittoriagiachi. <\/strong><\/p>\n<\/div><\/div><\/div><div class=\"fusion-layout-column fusion_builder_column fusion-builder-column-14 fusion_builder_column_1_5 1_5 fusion-flex-column\" style=\"--awb-bg-size:cover;--awb-width-large:20%;--awb-margin-top-large:0px;--awb-spacing-right-large:9.6%;--awb-margin-bottom-large:20px;--awb-spacing-left-large:9.6%;--awb-width-medium:20%;--awb-order-medium:0;--awb-spacing-right-medium:9.6%;--awb-spacing-left-medium:9.6%;--awb-width-small:100%;--awb-order-small:0;--awb-spacing-right-small:1.92%;--awb-spacing-left-small:1.92%;\"><div class=\"fusion-column-wrapper fusion-column-has-shadow fusion-flex-justify-content-flex-start fusion-content-layout-column\"><\/div><\/div><\/div><\/div><div class=\"fusion-fullwidth fullwidth-box fusion-builder-row-8 fusion-flex-container nonhundred-percent-fullwidth non-hundred-percent-height-scrolling\" style=\"--awb-border-radius-top-left:0px;--awb-border-radius-top-right:0px;--awb-border-radius-bottom-right:0px;--awb-border-radius-bottom-left:0px;--awb-margin-top:50px;--awb-flex-wrap:wrap;\" ><div class=\"fusion-builder-row fusion-row fusion-flex-align-items-flex-start fusion-flex-content-wrap\" style=\"max-width:1248px;margin-left: calc(-4% \/ 2 );margin-right: calc(-4% \/ 2 );\"><div class=\"fusion-layout-column fusion_builder_column fusion-builder-column-15 fusion_builder_column_1_1 1_1 fusion-flex-column\" style=\"--awb-bg-size:cover;--awb-width-large:100%;--awb-margin-top-large:0px;--awb-spacing-right-large:1.92%;--awb-margin-bottom-large:20px;--awb-spacing-left-large:1.92%;--awb-width-medium:100%;--awb-order-medium:0;--awb-spacing-right-medium:1.92%;--awb-spacing-left-medium:1.92%;--awb-width-small:100%;--awb-order-small:0;--awb-spacing-right-small:1.92%;--awb-spacing-left-small:1.92%;\"><div class=\"fusion-column-wrapper fusion-column-has-shadow fusion-flex-justify-content-flex-start fusion-content-layout-column\"><div class=\"fusion-title title fusion-title-2 fusion-title-center fusion-title-text fusion-title-size-three\" style=\"--awb-margin-top-small:10px;--awb-margin-right-small:0px;--awb-margin-bottom-small:10px;--awb-margin-left-small:0px;--awb-font-size:30px;\"><div class=\"title-sep-container title-sep-container-left\"><div class=\"title-sep sep-single sep-solid\" style=\"border-color:#e2e2e2;\"><\/div><\/div><span class=\"awb-title-spacer\"><\/span><h3 class=\"fusion-title-heading title-heading-center\" style=\"font-family:&quot;Playfair Display&quot;;font-style:normal;font-weight:500;margin:0;font-size:1em;line-height:35px;\">Potrebbe piacerti anche:<\/h3><span class=\"awb-title-spacer\"><\/span><div class=\"title-sep-container title-sep-container-right\"><div class=\"title-sep sep-single sep-solid\" style=\"border-color:#e2e2e2;\"><\/div><\/div><\/div><div class=\"fusion-separator fusion-full-width-sep\" style=\"align-self: center;margin-left: auto;margin-right: auto;margin-top:30px;width:100%;\"><\/div><div class=\"fusion-recent-posts fusion-recent-posts-1 avada-container layout-default layout-columns-3 fusion-recent-posts-center\"><section class=\"fusion-columns columns fusion-columns-3 columns-3\"><article class=\"post fusion-column column col col-lg-4 col-md-4 col-sm-4\"><div class=\"fusion-flexslider fusion-flexslider-loading flexslider flexslider-hover-type-none\"><ul class=\"slides\"><li><a href=\"https:\/\/www.vittoriagiachi.com\/it\/un-italiana-a-new-york-la-mia-avventura-nella-grande-mela\/\" aria-label=\"Un&#8217;italiana a New York: la mia avventura nella Grande Mela\" class=\"hover-type-none\"><img decoding=\"async\" width=\"700\" height=\"441\" src=\"https:\/\/www.vittoriagiachi.com\/wp-content\/uploads\/2021\/09\/1200x800-700x441.jpg\" class=\"attachment-recent-posts size-recent-posts\" alt=\"\" srcset=\"https:\/\/www.vittoriagiachi.com\/wp-content\/uploads\/2021\/09\/1200x800-320x202.jpg 320w, https:\/\/www.vittoriagiachi.com\/wp-content\/uploads\/2021\/09\/1200x800-700x441.jpg 700w\" sizes=\"(max-width: 700px) 100vw, 700px\" \/><\/a><\/li><\/ul><\/div><div class=\"recent-posts-content\"><span class=\"vcard\" style=\"display: none;\"><span class=\"fn\"><a href=\"https:\/\/www.vittoriagiachi.com\/it\/author\/francescaf\/\" title=\"Articoli scritti da FrancescaF\" rel=\"author\">FrancescaF<\/a><\/span><\/span><span class=\"updated\" style=\"display:none;\">2021-09-02T17:54:27+02:00<\/span><h4 class=\"entry-title\"><a href=\"https:\/\/www.vittoriagiachi.com\/it\/un-italiana-a-new-york-la-mia-avventura-nella-grande-mela\/\">Un&#8217;italiana a New York: la mia avventura nella Grande Mela<\/a><\/h4><p class=\"meta\"><span class=\"vcard\" style=\"display: none;\"><span class=\"fn\"><a href=\"https:\/\/www.vittoriagiachi.com\/it\/author\/francescaf\/\" title=\"Articoli scritti da FrancescaF\" rel=\"author\">FrancescaF<\/a><\/span><\/span><span class=\"updated\" style=\"display:none;\">2021-09-02T17:54:27+02:00<\/span><a href=\"https:\/\/www.vittoriagiachi.com\/it\/categoria\/viaggi\/\" rel=\"category tag\">Viaggi<\/a><span class=\"fusion-inline-sep\">|<\/span><\/p><p>      Un'italiana a New York: la mia avventura nella Grande [...]<\/p><\/div><\/article><article class=\"post fusion-column column col col-lg-4 col-md-4 col-sm-4\"><div class=\"fusion-flexslider fusion-flexslider-loading flexslider flexslider-hover-type-none\"><ul class=\"slides\"><li><a href=\"https:\/\/www.vittoriagiachi.com\/it\/il-brodo-vegetale\/\" aria-label=\"Il brodo vegetale\" class=\"hover-type-none\"><img decoding=\"async\" width=\"700\" height=\"441\" src=\"https:\/\/www.vittoriagiachi.com\/wp-content\/uploads\/2021\/08\/1200x800-16-700x441.jpg\" class=\"attachment-recent-posts size-recent-posts\" alt=\"\" srcset=\"https:\/\/www.vittoriagiachi.com\/wp-content\/uploads\/2021\/08\/1200x800-16-320x202.jpg 320w, https:\/\/www.vittoriagiachi.com\/wp-content\/uploads\/2021\/08\/1200x800-16-700x441.jpg 700w\" sizes=\"(max-width: 700px) 100vw, 700px\" \/><\/a><\/li><\/ul><\/div><div class=\"recent-posts-content\"><span class=\"vcard\" style=\"display: none;\"><span class=\"fn\"><a href=\"https:\/\/www.vittoriagiachi.com\/it\/author\/francescaf\/\" title=\"Articoli scritti da FrancescaF\" rel=\"author\">FrancescaF<\/a><\/span><\/span><span class=\"updated\" style=\"display:none;\">2021-08-31T11:57:40+02:00<\/span><h4 class=\"entry-title\"><a href=\"https:\/\/www.vittoriagiachi.com\/it\/il-brodo-vegetale\/\">Il brodo vegetale<\/a><\/h4><p class=\"meta\"><span class=\"vcard\" style=\"display: none;\"><span class=\"fn\"><a href=\"https:\/\/www.vittoriagiachi.com\/it\/author\/francescaf\/\" title=\"Articoli scritti da FrancescaF\" rel=\"author\">FrancescaF<\/a><\/span><\/span><span class=\"updated\" style=\"display:none;\">2021-08-31T11:57:40+02:00<\/span><a href=\"https:\/\/www.vittoriagiachi.com\/it\/categoria\/ricette\/basi-di-cucina\/\" rel=\"category tag\">Basi di cucina<\/a>, <a href=\"https:\/\/www.vittoriagiachi.com\/it\/categoria\/ricette\/main-course-it\/\" rel=\"category tag\">Main course<\/a>, <a href=\"https:\/\/www.vittoriagiachi.com\/it\/categoria\/ricette\/piatti-vegetariani\/\" rel=\"category tag\">Piatti vegetariani<\/a>, <a href=\"https:\/\/www.vittoriagiachi.com\/it\/categoria\/ricette\/\" rel=\"category tag\">Tutte le ricette<\/a>, <a href=\"https:\/\/www.vittoriagiachi.com\/it\/categoria\/ricette\/soups-it\/\" rel=\"category tag\">Zuppe e minestre<\/a><span class=\"fusion-inline-sep\">|<\/span><\/p><p>      Il brodo vegetale  Il brodo vegetale \u00e8 una [...]<\/p><\/div><\/article><article class=\"post fusion-column column col col-lg-4 col-md-4 col-sm-4\"><div class=\"fusion-flexslider fusion-flexslider-loading flexslider flexslider-hover-type-none\"><ul class=\"slides\"><li><a href=\"https:\/\/www.vittoriagiachi.com\/it\/cappelletti-con-ragu-di-carne-2\/\" aria-label=\"Cappelletti con rag\u00f9 di carne\" class=\"hover-type-none\"><img decoding=\"async\" width=\"700\" height=\"441\" src=\"https:\/\/www.vittoriagiachi.com\/wp-content\/uploads\/2021\/08\/1200x800-15-700x441.jpg\" class=\"attachment-recent-posts size-recent-posts\" alt=\"\" srcset=\"https:\/\/www.vittoriagiachi.com\/wp-content\/uploads\/2021\/08\/1200x800-15-320x202.jpg 320w, https:\/\/www.vittoriagiachi.com\/wp-content\/uploads\/2021\/08\/1200x800-15-700x441.jpg 700w\" sizes=\"(max-width: 700px) 100vw, 700px\" \/><\/a><\/li><\/ul><\/div><div class=\"recent-posts-content\"><span class=\"vcard\" style=\"display: none;\"><span class=\"fn\"><a href=\"https:\/\/www.vittoriagiachi.com\/it\/author\/francescaf\/\" title=\"Articoli scritti da FrancescaF\" rel=\"author\">FrancescaF<\/a><\/span><\/span><span class=\"updated\" style=\"display:none;\">2021-08-26T10:37:10+02:00<\/span><h4 class=\"entry-title\"><a href=\"https:\/\/www.vittoriagiachi.com\/it\/cappelletti-con-ragu-di-carne-2\/\">Cappelletti con rag\u00f9 di carne<\/a><\/h4><p class=\"meta\"><span class=\"vcard\" style=\"display: none;\"><span class=\"fn\"><a href=\"https:\/\/www.vittoriagiachi.com\/it\/author\/francescaf\/\" title=\"Articoli scritti da FrancescaF\" rel=\"author\">FrancescaF<\/a><\/span><\/span><span class=\"updated\" style=\"display:none;\">2021-08-26T10:37:10+02:00<\/span><a href=\"https:\/\/www.vittoriagiachi.com\/it\/categoria\/ricette\/carne\/\" rel=\"category tag\">Carne<\/a>, <a href=\"https:\/\/www.vittoriagiachi.com\/it\/categoria\/ricette\/ricette-di-famiglia\/\" rel=\"category tag\">Ricette di famiglia<\/a>, <a href=\"https:\/\/www.vittoriagiachi.com\/it\/categoria\/ricette\/\" rel=\"category tag\">Tutte le ricette<\/a><span class=\"fusion-inline-sep\">|<\/span><\/p><p>      Cappelletti con rag\u00f9 di carne: la semplicit\u00e0 dell\u2019antico  [...]<\/p><\/div><\/article><\/section><\/div><\/div><\/div><\/div><\/div><\/p>\n","protected":false},"excerpt":{"rendered":"","protected":false},"author":2,"featured_media":5184,"comment_status":"open","ping_status":"closed","sticky":false,"template":"","format":"standard","meta":{"wprm-recipe-roundup-name":"","wprm-recipe-roundup-description":"","footnotes":""},"categories":[195,94],"tags":[],"class_list":["post-5194","post","type-post","status-publish","format-standard","has-post-thumbnail","hentry","category-lifestyle-it","category-ricette"],"yoast_head":"<!-- This site is optimized with the Yoast SEO plugin v27.4 - https:\/\/yoast.com\/product\/yoast-seo-wordpress\/ -->\n<title>Vittoria in the kitchen: my first cookbook is out! - Vittoria Caterina Giachi<\/title>\n<meta name=\"description\" content=\"Vittoria in cucina: il mio primo libro di cucina. Tante ricette di famiglia e ricette toscane nel libro &quot;About San Gimignano&quot;.\" \/>\n<meta name=\"robots\" content=\"index, follow, max-snippet:-1, max-image-preview:large, max-video-preview:-1\" \/>\n<link rel=\"canonical\" href=\"https:\/\/www.vittoriagiachi.com\/it\/vittoria-in-cucina-il-mio-primo-libro-di-cucina\/\" \/>\n<meta property=\"og:locale\" content=\"it_IT\" \/>\n<meta property=\"og:type\" content=\"article\" \/>\n<meta property=\"og:title\" content=\"Vittoria in the kitchen: my first cookbook is out! - Vittoria Caterina Giachi\" \/>\n<meta property=\"og:description\" content=\"Vittoria in cucina: il mio primo libro di cucina. Tante ricette di famiglia e ricette toscane nel libro &quot;About San Gimignano&quot;.\" \/>\n<meta property=\"og:url\" content=\"https:\/\/www.vittoriagiachi.com\/it\/vittoria-in-cucina-il-mio-primo-libro-di-cucina\/\" \/>\n<meta property=\"og:site_name\" content=\"Vittoria Caterina Giachi\" \/>\n<meta property=\"article:published_time\" content=\"2021-06-23T07:31:05+00:00\" \/>\n<meta property=\"article:modified_time\" content=\"2021-06-23T13:07:02+00:00\" \/>\n<meta property=\"og:image\" content=\"https:\/\/www.vittoriagiachi.com\/wp-content\/uploads\/2021\/06\/vittoria-in-the-kitchen.jpg\" \/>\n\t<meta property=\"og:image:width\" content=\"1200\" \/>\n\t<meta property=\"og:image:height\" content=\"800\" \/>\n\t<meta property=\"og:image:type\" content=\"image\/jpeg\" \/>\n<meta name=\"author\" content=\"Vittoria Caterina Giachi\" \/>\n<meta name=\"twitter:card\" content=\"summary_large_image\" \/>\n<meta name=\"twitter:label1\" content=\"Scritto da\" \/>\n\t<meta name=\"twitter:data1\" content=\"Vittoria Caterina Giachi\" \/>\n\t<meta name=\"twitter:label2\" content=\"Tempo di lettura stimato\" \/>\n\t<meta name=\"twitter:data2\" content=\"16 minuti\" \/>\n<script type=\"application\/ld+json\" class=\"yoast-schema-graph\">{\"@context\":\"https:\\\/\\\/schema.org\",\"@graph\":[{\"@type\":\"Article\",\"@id\":\"https:\\\/\\\/www.vittoriagiachi.com\\\/it\\\/vittoria-in-cucina-il-mio-primo-libro-di-cucina\\\/#article\",\"isPartOf\":{\"@id\":\"https:\\\/\\\/www.vittoriagiachi.com\\\/it\\\/vittoria-in-cucina-il-mio-primo-libro-di-cucina\\\/\"},\"author\":{\"name\":\"Vittoria Caterina Giachi\",\"@id\":\"https:\\\/\\\/www.vittoriagiachi.com\\\/it\\\/#\\\/schema\\\/person\\\/2f0abdf7aafe45147a518721142807ea\"},\"headline\":\"Vittoria in cucina: il mio primo libro di cucina\",\"datePublished\":\"2021-06-23T07:31:05+00:00\",\"dateModified\":\"2021-06-23T13:07:02+00:00\",\"mainEntityOfPage\":{\"@id\":\"https:\\\/\\\/www.vittoriagiachi.com\\\/it\\\/vittoria-in-cucina-il-mio-primo-libro-di-cucina\\\/\"},\"wordCount\":8011,\"commentCount\":0,\"publisher\":{\"@id\":\"https:\\\/\\\/www.vittoriagiachi.com\\\/it\\\/#organization\"},\"image\":{\"@id\":\"https:\\\/\\\/www.vittoriagiachi.com\\\/it\\\/vittoria-in-cucina-il-mio-primo-libro-di-cucina\\\/#primaryimage\"},\"thumbnailUrl\":\"https:\\\/\\\/www.vittoriagiachi.com\\\/wp-content\\\/uploads\\\/2021\\\/06\\\/vittoria-in-the-kitchen.jpg\",\"articleSection\":[\"Lifestyle\",\"Tutte le ricette\"],\"inLanguage\":\"it-IT\",\"potentialAction\":[{\"@type\":\"CommentAction\",\"name\":\"Comment\",\"target\":[\"https:\\\/\\\/www.vittoriagiachi.com\\\/it\\\/vittoria-in-cucina-il-mio-primo-libro-di-cucina\\\/#respond\"]}]},{\"@type\":\"WebPage\",\"@id\":\"https:\\\/\\\/www.vittoriagiachi.com\\\/it\\\/vittoria-in-cucina-il-mio-primo-libro-di-cucina\\\/\",\"url\":\"https:\\\/\\\/www.vittoriagiachi.com\\\/it\\\/vittoria-in-cucina-il-mio-primo-libro-di-cucina\\\/\",\"name\":\"Vittoria in the kitchen: my first cookbook is out! - Vittoria Caterina Giachi\",\"isPartOf\":{\"@id\":\"https:\\\/\\\/www.vittoriagiachi.com\\\/it\\\/#website\"},\"primaryImageOfPage\":{\"@id\":\"https:\\\/\\\/www.vittoriagiachi.com\\\/it\\\/vittoria-in-cucina-il-mio-primo-libro-di-cucina\\\/#primaryimage\"},\"image\":{\"@id\":\"https:\\\/\\\/www.vittoriagiachi.com\\\/it\\\/vittoria-in-cucina-il-mio-primo-libro-di-cucina\\\/#primaryimage\"},\"thumbnailUrl\":\"https:\\\/\\\/www.vittoriagiachi.com\\\/wp-content\\\/uploads\\\/2021\\\/06\\\/vittoria-in-the-kitchen.jpg\",\"datePublished\":\"2021-06-23T07:31:05+00:00\",\"dateModified\":\"2021-06-23T13:07:02+00:00\",\"description\":\"Vittoria in cucina: il mio primo libro di cucina. Tante ricette di famiglia e ricette toscane nel libro \\\"About San Gimignano\\\".\",\"breadcrumb\":{\"@id\":\"https:\\\/\\\/www.vittoriagiachi.com\\\/it\\\/vittoria-in-cucina-il-mio-primo-libro-di-cucina\\\/#breadcrumb\"},\"inLanguage\":\"it-IT\",\"potentialAction\":[{\"@type\":\"ReadAction\",\"target\":[\"https:\\\/\\\/www.vittoriagiachi.com\\\/it\\\/vittoria-in-cucina-il-mio-primo-libro-di-cucina\\\/\"]}]},{\"@type\":\"ImageObject\",\"inLanguage\":\"it-IT\",\"@id\":\"https:\\\/\\\/www.vittoriagiachi.com\\\/it\\\/vittoria-in-cucina-il-mio-primo-libro-di-cucina\\\/#primaryimage\",\"url\":\"https:\\\/\\\/www.vittoriagiachi.com\\\/wp-content\\\/uploads\\\/2021\\\/06\\\/vittoria-in-the-kitchen.jpg\",\"contentUrl\":\"https:\\\/\\\/www.vittoriagiachi.com\\\/wp-content\\\/uploads\\\/2021\\\/06\\\/vittoria-in-the-kitchen.jpg\",\"width\":1200,\"height\":800,\"caption\":\"libro di cucina\"},{\"@type\":\"BreadcrumbList\",\"@id\":\"https:\\\/\\\/www.vittoriagiachi.com\\\/it\\\/vittoria-in-cucina-il-mio-primo-libro-di-cucina\\\/#breadcrumb\",\"itemListElement\":[{\"@type\":\"ListItem\",\"position\":1,\"name\":\"Home\",\"item\":\"https:\\\/\\\/www.vittoriagiachi.com\\\/it\\\/home\\\/\"},{\"@type\":\"ListItem\",\"position\":2,\"name\":\"Vittoria in cucina: il mio primo libro di cucina\"}]},{\"@type\":\"WebSite\",\"@id\":\"https:\\\/\\\/www.vittoriagiachi.com\\\/it\\\/#website\",\"url\":\"https:\\\/\\\/www.vittoriagiachi.com\\\/it\\\/\",\"name\":\"Vittoria Caterina Giachi\",\"description\":\"Italian food blogger | Italian lifestyle stories\",\"publisher\":{\"@id\":\"https:\\\/\\\/www.vittoriagiachi.com\\\/it\\\/#organization\"},\"potentialAction\":[{\"@type\":\"SearchAction\",\"target\":{\"@type\":\"EntryPoint\",\"urlTemplate\":\"https:\\\/\\\/www.vittoriagiachi.com\\\/it\\\/?s={search_term_string}\"},\"query-input\":{\"@type\":\"PropertyValueSpecification\",\"valueRequired\":true,\"valueName\":\"search_term_string\"}}],\"inLanguage\":\"it-IT\"},{\"@type\":\"Organization\",\"@id\":\"https:\\\/\\\/www.vittoriagiachi.com\\\/it\\\/#organization\",\"name\":\"Vittoria Giachi Chef Torciano Academy\",\"url\":\"https:\\\/\\\/www.vittoriagiachi.com\\\/it\\\/\",\"logo\":{\"@type\":\"ImageObject\",\"inLanguage\":\"it-IT\",\"@id\":\"https:\\\/\\\/www.vittoriagiachi.com\\\/it\\\/#\\\/schema\\\/logo\\\/image\\\/\",\"url\":\"https:\\\/\\\/www.vittoriagiachi.com\\\/wp-content\\\/uploads\\\/2021\\\/04\\\/vittoria_logo.png\",\"contentUrl\":\"https:\\\/\\\/www.vittoriagiachi.com\\\/wp-content\\\/uploads\\\/2021\\\/04\\\/vittoria_logo.png\",\"width\":100,\"height\":100,\"caption\":\"Vittoria Giachi Chef Torciano Academy\"},\"image\":{\"@id\":\"https:\\\/\\\/www.vittoriagiachi.com\\\/it\\\/#\\\/schema\\\/logo\\\/image\\\/\"},\"sameAs\":[\"https:\\\/\\\/www.instagram.com\\\/vittoriacaterinagiachi\\\/\"]},{\"@type\":\"Person\",\"@id\":\"https:\\\/\\\/www.vittoriagiachi.com\\\/it\\\/#\\\/schema\\\/person\\\/2f0abdf7aafe45147a518721142807ea\",\"name\":\"Vittoria Caterina Giachi\",\"image\":{\"@type\":\"ImageObject\",\"inLanguage\":\"it-IT\",\"@id\":\"https:\\\/\\\/secure.gravatar.com\\\/avatar\\\/651f6fbfa1905d3a66399bbe201c298f0729824cdd8622f818e99685e88ef4b2?s=96&d=identicon&r=g\",\"url\":\"https:\\\/\\\/secure.gravatar.com\\\/avatar\\\/651f6fbfa1905d3a66399bbe201c298f0729824cdd8622f818e99685e88ef4b2?s=96&d=identicon&r=g\",\"contentUrl\":\"https:\\\/\\\/secure.gravatar.com\\\/avatar\\\/651f6fbfa1905d3a66399bbe201c298f0729824cdd8622f818e99685e88ef4b2?s=96&d=identicon&r=g\",\"caption\":\"Vittoria Caterina Giachi\"},\"sameAs\":[\"https:\\\/\\\/www.vittoriagiachi.com\"]}]}<\/script>\n<!-- \/ Yoast SEO plugin. -->","yoast_head_json":{"title":"Vittoria in the kitchen: my first cookbook is out! - Vittoria Caterina Giachi","description":"Vittoria in cucina: il mio primo libro di cucina. Tante ricette di famiglia e ricette toscane nel libro \"About San Gimignano\".","robots":{"index":"index","follow":"follow","max-snippet":"max-snippet:-1","max-image-preview":"max-image-preview:large","max-video-preview":"max-video-preview:-1"},"canonical":"https:\/\/www.vittoriagiachi.com\/it\/vittoria-in-cucina-il-mio-primo-libro-di-cucina\/","og_locale":"it_IT","og_type":"article","og_title":"Vittoria in the kitchen: my first cookbook is out! - Vittoria Caterina Giachi","og_description":"Vittoria in cucina: il mio primo libro di cucina. Tante ricette di famiglia e ricette toscane nel libro \"About San Gimignano\".","og_url":"https:\/\/www.vittoriagiachi.com\/it\/vittoria-in-cucina-il-mio-primo-libro-di-cucina\/","og_site_name":"Vittoria Caterina Giachi","article_published_time":"2021-06-23T07:31:05+00:00","article_modified_time":"2021-06-23T13:07:02+00:00","og_image":[{"width":1200,"height":800,"url":"https:\/\/www.vittoriagiachi.com\/wp-content\/uploads\/2021\/06\/vittoria-in-the-kitchen.jpg","type":"image\/jpeg"}],"author":"Vittoria Caterina Giachi","twitter_card":"summary_large_image","twitter_misc":{"Scritto da":"Vittoria Caterina Giachi","Tempo di lettura stimato":"16 minuti"},"schema":{"@context":"https:\/\/schema.org","@graph":[{"@type":"Article","@id":"https:\/\/www.vittoriagiachi.com\/it\/vittoria-in-cucina-il-mio-primo-libro-di-cucina\/#article","isPartOf":{"@id":"https:\/\/www.vittoriagiachi.com\/it\/vittoria-in-cucina-il-mio-primo-libro-di-cucina\/"},"author":{"name":"Vittoria Caterina Giachi","@id":"https:\/\/www.vittoriagiachi.com\/it\/#\/schema\/person\/2f0abdf7aafe45147a518721142807ea"},"headline":"Vittoria in cucina: il mio primo libro di cucina","datePublished":"2021-06-23T07:31:05+00:00","dateModified":"2021-06-23T13:07:02+00:00","mainEntityOfPage":{"@id":"https:\/\/www.vittoriagiachi.com\/it\/vittoria-in-cucina-il-mio-primo-libro-di-cucina\/"},"wordCount":8011,"commentCount":0,"publisher":{"@id":"https:\/\/www.vittoriagiachi.com\/it\/#organization"},"image":{"@id":"https:\/\/www.vittoriagiachi.com\/it\/vittoria-in-cucina-il-mio-primo-libro-di-cucina\/#primaryimage"},"thumbnailUrl":"https:\/\/www.vittoriagiachi.com\/wp-content\/uploads\/2021\/06\/vittoria-in-the-kitchen.jpg","articleSection":["Lifestyle","Tutte le ricette"],"inLanguage":"it-IT","potentialAction":[{"@type":"CommentAction","name":"Comment","target":["https:\/\/www.vittoriagiachi.com\/it\/vittoria-in-cucina-il-mio-primo-libro-di-cucina\/#respond"]}]},{"@type":"WebPage","@id":"https:\/\/www.vittoriagiachi.com\/it\/vittoria-in-cucina-il-mio-primo-libro-di-cucina\/","url":"https:\/\/www.vittoriagiachi.com\/it\/vittoria-in-cucina-il-mio-primo-libro-di-cucina\/","name":"Vittoria in the kitchen: my first cookbook is out! - Vittoria Caterina Giachi","isPartOf":{"@id":"https:\/\/www.vittoriagiachi.com\/it\/#website"},"primaryImageOfPage":{"@id":"https:\/\/www.vittoriagiachi.com\/it\/vittoria-in-cucina-il-mio-primo-libro-di-cucina\/#primaryimage"},"image":{"@id":"https:\/\/www.vittoriagiachi.com\/it\/vittoria-in-cucina-il-mio-primo-libro-di-cucina\/#primaryimage"},"thumbnailUrl":"https:\/\/www.vittoriagiachi.com\/wp-content\/uploads\/2021\/06\/vittoria-in-the-kitchen.jpg","datePublished":"2021-06-23T07:31:05+00:00","dateModified":"2021-06-23T13:07:02+00:00","description":"Vittoria in cucina: il mio primo libro di cucina. Tante ricette di famiglia e ricette toscane nel libro \"About San Gimignano\".","breadcrumb":{"@id":"https:\/\/www.vittoriagiachi.com\/it\/vittoria-in-cucina-il-mio-primo-libro-di-cucina\/#breadcrumb"},"inLanguage":"it-IT","potentialAction":[{"@type":"ReadAction","target":["https:\/\/www.vittoriagiachi.com\/it\/vittoria-in-cucina-il-mio-primo-libro-di-cucina\/"]}]},{"@type":"ImageObject","inLanguage":"it-IT","@id":"https:\/\/www.vittoriagiachi.com\/it\/vittoria-in-cucina-il-mio-primo-libro-di-cucina\/#primaryimage","url":"https:\/\/www.vittoriagiachi.com\/wp-content\/uploads\/2021\/06\/vittoria-in-the-kitchen.jpg","contentUrl":"https:\/\/www.vittoriagiachi.com\/wp-content\/uploads\/2021\/06\/vittoria-in-the-kitchen.jpg","width":1200,"height":800,"caption":"libro di cucina"},{"@type":"BreadcrumbList","@id":"https:\/\/www.vittoriagiachi.com\/it\/vittoria-in-cucina-il-mio-primo-libro-di-cucina\/#breadcrumb","itemListElement":[{"@type":"ListItem","position":1,"name":"Home","item":"https:\/\/www.vittoriagiachi.com\/it\/home\/"},{"@type":"ListItem","position":2,"name":"Vittoria in cucina: il mio primo libro di cucina"}]},{"@type":"WebSite","@id":"https:\/\/www.vittoriagiachi.com\/it\/#website","url":"https:\/\/www.vittoriagiachi.com\/it\/","name":"Vittoria Caterina Giachi","description":"Italian food blogger | Italian lifestyle stories","publisher":{"@id":"https:\/\/www.vittoriagiachi.com\/it\/#organization"},"potentialAction":[{"@type":"SearchAction","target":{"@type":"EntryPoint","urlTemplate":"https:\/\/www.vittoriagiachi.com\/it\/?s={search_term_string}"},"query-input":{"@type":"PropertyValueSpecification","valueRequired":true,"valueName":"search_term_string"}}],"inLanguage":"it-IT"},{"@type":"Organization","@id":"https:\/\/www.vittoriagiachi.com\/it\/#organization","name":"Vittoria Giachi Chef Torciano Academy","url":"https:\/\/www.vittoriagiachi.com\/it\/","logo":{"@type":"ImageObject","inLanguage":"it-IT","@id":"https:\/\/www.vittoriagiachi.com\/it\/#\/schema\/logo\/image\/","url":"https:\/\/www.vittoriagiachi.com\/wp-content\/uploads\/2021\/04\/vittoria_logo.png","contentUrl":"https:\/\/www.vittoriagiachi.com\/wp-content\/uploads\/2021\/04\/vittoria_logo.png","width":100,"height":100,"caption":"Vittoria Giachi Chef Torciano Academy"},"image":{"@id":"https:\/\/www.vittoriagiachi.com\/it\/#\/schema\/logo\/image\/"},"sameAs":["https:\/\/www.instagram.com\/vittoriacaterinagiachi\/"]},{"@type":"Person","@id":"https:\/\/www.vittoriagiachi.com\/it\/#\/schema\/person\/2f0abdf7aafe45147a518721142807ea","name":"Vittoria Caterina Giachi","image":{"@type":"ImageObject","inLanguage":"it-IT","@id":"https:\/\/secure.gravatar.com\/avatar\/651f6fbfa1905d3a66399bbe201c298f0729824cdd8622f818e99685e88ef4b2?s=96&d=identicon&r=g","url":"https:\/\/secure.gravatar.com\/avatar\/651f6fbfa1905d3a66399bbe201c298f0729824cdd8622f818e99685e88ef4b2?s=96&d=identicon&r=g","contentUrl":"https:\/\/secure.gravatar.com\/avatar\/651f6fbfa1905d3a66399bbe201c298f0729824cdd8622f818e99685e88ef4b2?s=96&d=identicon&r=g","caption":"Vittoria Caterina Giachi"},"sameAs":["https:\/\/www.vittoriagiachi.com"]}]}},"_links":{"self":[{"href":"https:\/\/www.vittoriagiachi.com\/it\/wp-json\/wp\/v2\/posts\/5194","targetHints":{"allow":["GET"]}}],"collection":[{"href":"https:\/\/www.vittoriagiachi.com\/it\/wp-json\/wp\/v2\/posts"}],"about":[{"href":"https:\/\/www.vittoriagiachi.com\/it\/wp-json\/wp\/v2\/types\/post"}],"author":[{"embeddable":true,"href":"https:\/\/www.vittoriagiachi.com\/it\/wp-json\/wp\/v2\/users\/2"}],"replies":[{"embeddable":true,"href":"https:\/\/www.vittoriagiachi.com\/it\/wp-json\/wp\/v2\/comments?post=5194"}],"version-history":[{"count":0,"href":"https:\/\/www.vittoriagiachi.com\/it\/wp-json\/wp\/v2\/posts\/5194\/revisions"}],"wp:featuredmedia":[{"embeddable":true,"href":"https:\/\/www.vittoriagiachi.com\/it\/wp-json\/wp\/v2\/media\/5184"}],"wp:attachment":[{"href":"https:\/\/www.vittoriagiachi.com\/it\/wp-json\/wp\/v2\/media?parent=5194"}],"wp:term":[{"taxonomy":"category","embeddable":true,"href":"https:\/\/www.vittoriagiachi.com\/it\/wp-json\/wp\/v2\/categories?post=5194"},{"taxonomy":"post_tag","embeddable":true,"href":"https:\/\/www.vittoriagiachi.com\/it\/wp-json\/wp\/v2\/tags?post=5194"}],"curies":[{"name":"wp","href":"https:\/\/api.w.org\/{rel}","templated":true}]}}